{"id":65,"date":"2008-06-04T09:11:20","date_gmt":"2008-06-04T08:11:20","guid":{"rendered":"http:\/\/www.seppotage.de\/blog\/?p=65"},"modified":"2009-03-03T10:31:46","modified_gmt":"2009-03-03T09:31:46","slug":"osterreich-und-die-slowakei","status":"publish","type":"post","link":"http:\/\/blog.seppotage.com\/?p=65","title":{"rendered":"\u00d6sterreich und die Slowakei"},"content":{"rendered":"<p>Als wir uns in \u00d6sterreich von Ulli, Ray und Matze getrennt hatten, hie\u00df es f\u00fcr Markus und mich &#8222;Auf in die Slowakei&#8220;.<\/p><!-- default-view.php -->\n<div\n\tclass=\"ngg-galleryoverview default-view \"\n\tid=\"ngg-gallery-27a25a6db21176472d4c515d0e1de201-1\">\n\n\t\t<!-- Thumbnails -->\n\t\t\t\t<div id=\"ngg-image-0\" class=\"ngg-gallery-thumbnail-box \" >\n\t\t\t\t        <div class=\"ngg-gallery-thumbnail\">\n            <a href=\"http:\/\/blog.seppotage.com\/wp-content\/gallery\/slowakei\/jausen1.jpg\"\n               title=\"Jausen in \u00d6sterreich\"\n               data-src=\"http:\/\/blog.seppotage.com\/wp-content\/gallery\/slowakei\/jausen1.jpg\"\n               data-thumbnail=\"http:\/\/blog.seppotage.com\/wp-content\/gallery\/slowakei\/thumbs\/thumbs_jausen1.jpg\"\n               data-image-id=\"105\"\n               data-title=\"jausen1.jpg\"\n               data-description=\"Jausen in \u00d6sterreich\"\n               data-image-slug=\"jausen1-jpg\"\n               class=\"ngg-simplelightbox\" rel=\"27a25a6db21176472d4c515d0e1de201\">\n                <img\n                    title=\"jausen1.jpg\"\n                    alt=\"jausen1.jpg\"\n                    src=\"http:\/\/blog.seppotage.com\/wp-content\/gallery\/slowakei\/thumbs\/thumbs_jausen1.jpg\"\n                    width=\"100\"\n                    height=\"75\"\n                    style=\"max-width:100%;\"\n                \/>\n            <\/a>\n        <\/div>\n\t\t\t\t\t\t\t<\/div> \n\t\t\t\n\t\t\t\t<div id=\"ngg-image-1\" class=\"ngg-gallery-thumbnail-box \" >\n\t\t\t\t        <div class=\"ngg-gallery-thumbnail\">\n            <a href=\"http:\/\/blog.seppotage.com\/wp-content\/gallery\/slowakei\/schloss-slowakei1.jpg\"\n               title=\"Eine Burg in der Slowakei\"\n               data-src=\"http:\/\/blog.seppotage.com\/wp-content\/gallery\/slowakei\/schloss-slowakei1.jpg\"\n               data-thumbnail=\"http:\/\/blog.seppotage.com\/wp-content\/gallery\/slowakei\/thumbs\/thumbs_schloss-slowakei1.jpg\"\n               data-image-id=\"106\"\n               data-title=\"schloss-slowakei1.jpg\"\n               data-description=\"Eine Burg in der Slowakei\"\n               data-image-slug=\"schloss-slowakei1-jpg\"\n               class=\"ngg-simplelightbox\" rel=\"27a25a6db21176472d4c515d0e1de201\">\n                <img\n                    title=\"schloss-slowakei1.jpg\"\n                    alt=\"schloss-slowakei1.jpg\"\n                    src=\"http:\/\/blog.seppotage.com\/wp-content\/gallery\/slowakei\/thumbs\/thumbs_schloss-slowakei1.jpg\"\n                    width=\"100\"\n                    height=\"75\"\n                    style=\"max-width:100%;\"\n                \/>\n            <\/a>\n        <\/div>\n\t\t\t\t\t\t\t<\/div> \n\t\t\t\n\t\t\t\t<div id=\"ngg-image-2\" class=\"ngg-gallery-thumbnail-box \" >\n\t\t\t\t        <div class=\"ngg-gallery-thumbnail\">\n            <a href=\"http:\/\/blog.seppotage.com\/wp-content\/gallery\/slowakei\/bratislava.jpg\"\n               title=\"Markus in der Altstadt von Bratislava\"\n               data-src=\"http:\/\/blog.seppotage.com\/wp-content\/gallery\/slowakei\/bratislava.jpg\"\n               data-thumbnail=\"http:\/\/blog.seppotage.com\/wp-content\/gallery\/slowakei\/thumbs\/thumbs_bratislava.jpg\"\n               data-image-id=\"107\"\n               data-title=\"bratislava.jpg\"\n               data-description=\"Markus in der Altstadt von Bratislava\"\n               data-image-slug=\"bratislava-jpg\"\n               class=\"ngg-simplelightbox\" rel=\"27a25a6db21176472d4c515d0e1de201\">\n                <img\n                    title=\"bratislava.jpg\"\n                    alt=\"bratislava.jpg\"\n                    src=\"http:\/\/blog.seppotage.com\/wp-content\/gallery\/slowakei\/thumbs\/thumbs_bratislava.jpg\"\n                    width=\"100\"\n                    height=\"75\"\n                    style=\"max-width:100%;\"\n                \/>\n            <\/a>\n        <\/div>\n\t\t\t\t\t\t\t<\/div> \n\t\t\t\n\t\t\t\t<div id=\"ngg-image-3\" class=\"ngg-gallery-thumbnail-box \" >\n\t\t\t\t        <div class=\"ngg-gallery-thumbnail\">\n            <a href=\"http:\/\/blog.seppotage.com\/wp-content\/gallery\/slowakei\/alter-mann-slowakei.jpg\"\n               title=\"Von meinem Helm war er am meisten fasziniert\"\n               data-src=\"http:\/\/blog.seppotage.com\/wp-content\/gallery\/slowakei\/alter-mann-slowakei.jpg\"\n               data-thumbnail=\"http:\/\/blog.seppotage.com\/wp-content\/gallery\/slowakei\/thumbs\/thumbs_alter-mann-slowakei.jpg\"\n               data-image-id=\"108\"\n               data-title=\"alter-mann-slowakei.jpg\"\n               data-description=\"Von meinem Helm war er am meisten fasziniert\"\n               data-image-slug=\"alter-mann-slowakei-jpg\"\n               class=\"ngg-simplelightbox\" rel=\"27a25a6db21176472d4c515d0e1de201\">\n                <img\n                    title=\"alter-mann-slowakei.jpg\"\n                    alt=\"alter-mann-slowakei.jpg\"\n                    src=\"http:\/\/blog.seppotage.com\/wp-content\/gallery\/slowakei\/thumbs\/thumbs_alter-mann-slowakei.jpg\"\n                    width=\"100\"\n                    height=\"75\"\n                    style=\"max-width:100%;\"\n                \/>\n            <\/a>\n        <\/div>\n\t\t\t\t\t\t\t<\/div> \n\t\t\t\n\t\t\t\t<div id=\"ngg-image-4\" class=\"ngg-gallery-thumbnail-box \" >\n\t\t\t\t        <div class=\"ngg-gallery-thumbnail\">\n            <a href=\"http:\/\/blog.seppotage.com\/wp-content\/gallery\/slowakei\/vlado-suzana_0.jpg\"\n               title=\"Vlado &#038; Suzana vor ihrer Penzion\"\n               data-src=\"http:\/\/blog.seppotage.com\/wp-content\/gallery\/slowakei\/vlado-suzana_0.jpg\"\n               data-thumbnail=\"http:\/\/blog.seppotage.com\/wp-content\/gallery\/slowakei\/thumbs\/thumbs_vlado-suzana_0.jpg\"\n               data-image-id=\"110\"\n               data-title=\"vlado-suzana_0.jpg\"\n               data-description=\"Vlado &#038; Suzana vor ihrer Penzion\"\n               data-image-slug=\"vlado-suzana_0-jpg\"\n               class=\"ngg-simplelightbox\" rel=\"27a25a6db21176472d4c515d0e1de201\">\n                <img\n                    title=\"vlado-suzana_0.jpg\"\n                    alt=\"vlado-suzana_0.jpg\"\n                    src=\"http:\/\/blog.seppotage.com\/wp-content\/gallery\/slowakei\/thumbs\/thumbs_vlado-suzana_0.jpg\"\n                    width=\"100\"\n                    height=\"75\"\n                    style=\"max-width:100%;\"\n                \/>\n            <\/a>\n        <\/div>\n\t\t\t\t\t\t\t<\/div> \n\t\t\t\n\t\n\t<br style=\"clear: both\" \/>\n\n\t\n\t\t<!-- Pagination -->\n\t<div class='ngg-clear'><\/div>\t<\/div>\n<p><!--more--><\/p>\n<p>Ein kurzer Zwischenstop in Wien und schwubs waren wir auch schon in Bratislava. Nachdem wir dort einige deftige slowakische Wurst- und K\u00e4sesorten sowie einige Bars kennengelernt hatten, ging es am n\u00e4chsten Tag in den Nord-Westen der Slowakei, wo es dann auch schon hie\u00df Abschied zu nehmen. Markus musste wieder zur\u00fcck nach Deutschland und ich wollte von dort aus weiter zur Hohen Tatra.<\/p>\n<p>Es war echt klasse, die ersten Tage nicht allein unterwegs zu sein und wir hatten ne Menge Spa\u00df&#8230;<\/p>\n<p>Ke\u017emarok war meine erste Anlaufstation und dort habe ich bei Vlado und Suzana gewohnt. Die beiden haben eine kleine gem\u00fctliche Pension mit einem fantastischen Restaurant. Und eins steht mal fest: Gastfreundschaft wird in der Slowakei nicht gro\u00df, sondern ganz gro\u00df geschrieben. Nochmal ein herzliches &#8222;<strong>\u010eakujem<\/strong>!&#8220; an dieser Stelle.<\/p>\n<p>Dort in der Region kann man super Enduro fahren und das habe ich dann mit Vlado und seinen Freunden auch gemacht. Hier gibts das Video von der Enduro-Tour:<\/p>\n<p style=\"text-align: center;\"><a title=\"Kezmarok\" href=\"http:\/\/www.vivalamopped.com\/seppotage_faehrt_enduro_in_der_slowakei,2167,search,14,0,videoblog.html#2167\" target=\"_blank\"><img decoding=\"async\" loading=\"lazy\" src=\"http:\/\/www.seppotage.de\/blog\/bilder\/2008\/03\/mopped.jpg\" alt=\"Viva la Mopped Logo\" width=\"82\" height=\"82\" align=\"texttop\" \/><\/a><\/p>\n","protected":false},"excerpt":{"rendered":"<p>Als wir uns in \u00d6sterreich von Ulli, Ray und Matze getrennt hatten, hie\u00df es f\u00fcr Markus und mich &#8222;Auf in die Slowakei&#8220;.<\/p>\n","protected":false},"author":2,"featured_media":0,"comment_status":"closed","ping_status":"open","sticky":false,"template":"","format":"standard","meta":{"ngg_post_thumbnail":0},"categories":[],"tags":[],"_links":{"self":[{"href":"http:\/\/blog.seppotage.com\/index.php?rest_route=\/wp\/v2\/posts\/65"}],"collection":[{"href":"http:\/\/blog.seppotage.com\/index.php?rest_route=\/wp\/v2\/posts"}],"about":[{"href":"http:\/\/blog.seppotage.com\/index.php?rest_route=\/wp\/v2\/types\/post"}],"author":[{"embeddable":true,"href":"http:\/\/blog.seppotage.com\/index.php?rest_route=\/wp\/v2\/users\/2"}],"replies":[{"embeddable":true,"href":"http:\/\/blog.seppotage.com\/index.php?rest_route=%2Fwp%2Fv2%2Fcomments&post=65"}],"version-history":[{"count":1,"href":"http:\/\/blog.seppotage.com\/index.php?rest_route=\/wp\/v2\/posts\/65\/revisions"}],"predecessor-version":[{"id":166,"href":"http:\/\/blog.seppotage.com\/index.php?rest_route=\/wp\/v2\/posts\/65\/revisions\/166"}],"wp:attachment":[{"href":"http:\/\/blog.seppotage.com\/index.php?rest_route=%2Fwp%2Fv2%2Fmedia&parent=65"}],"wp:term":[{"taxonomy":"category","embeddable":true,"href":"http:\/\/blog.seppotage.com\/index.php?rest_route=%2Fwp%2Fv2%2Fcategories&post=65"},{"taxonomy":"post_tag","embeddable":true,"href":"http:\/\/blog.seppotage.com\/index.php?rest_route=%2Fwp%2Fv2%2Ftags&post=65"}],"curies":[{"name":"wp","href":"https:\/\/api.w.org\/{rel}","templated":true}]}}